{"id":3608,"date":"2019-11-11T13:43:36","date_gmt":"2019-11-11T12:43:36","guid":{"rendered":"https:\/\/www.raab-verlag.de\/magazin\/?p=3608"},"modified":"2024-12-19T13:36:33","modified_gmt":"2024-12-19T12:36:33","slug":"weihnachten-raab-verlag","status":"publish","type":"post","link":"https:\/\/www.raab-verlag.de\/magazin\/weihnachten-raab-verlag\/","title":{"rendered":"Weihnachten mit dem RAAB Verlag"},"content":{"rendered":"<p>Ob individuelle Weihnachtskarten, sch\u00f6ne Geschenke oder einfach etwas Inspiration \u2013 beim RAAB Verlag finden Sie alles f\u00fcr Ihre perfekten Weihnachtsgr\u00fc\u00dfe f\u00fcr Familie, Freunde, Kunden oder Gesch\u00e4ftspartner. Viel Spa\u00df beim St\u00f6bern!<\/p>\n<p><!--more--><\/p>\n<p><img loading=\"lazy\" decoding=\"async\" class=\"aligncenter wp-image-3610\" src=\"https:\/\/www.raab-verlag.de\/magazin\/wp-content\/uploads\/2019\/11\/Collage-Weihnachten-Raab-1024x693.jpg\" alt=\"Weihnachten mit dem Raab-Verlag\" width=\"1000\" height=\"677\" srcset=\"https:\/\/www.raab-verlag.de\/magazin\/wp-content\/uploads\/2019\/11\/Collage-Weihnachten-Raab-1024x693.jpg 1024w, https:\/\/www.raab-verlag.de\/magazin\/wp-content\/uploads\/2019\/11\/Collage-Weihnachten-Raab-300x203.jpg 300w, https:\/\/www.raab-verlag.de\/magazin\/wp-content\/uploads\/2019\/11\/Collage-Weihnachten-Raab-768x520.jpg 768w, https:\/\/www.raab-verlag.de\/magazin\/wp-content\/uploads\/2019\/11\/Collage-Weihnachten-Raab-1182x800.jpg 1182w, https:\/\/www.raab-verlag.de\/magazin\/wp-content\/uploads\/2019\/11\/Collage-Weihnachten-Raab-281x190.jpg 281w, https:\/\/www.raab-verlag.de\/magazin\/wp-content\/uploads\/2019\/11\/Collage-Weihnachten-Raab.jpg 1920w\" sizes=\"auto, (max-width: 1000px) 100vw, 1000px\" \/><\/p>\n<h2>Einkaufen beim RAAB Verlag \u2013 Daf\u00fcr stehen wir:<\/h2>\n<p>Unter dem Motto \u201eGr\u00fc\u00dfe zum Anfassen\u201c bieten wir Ihnen eine gro\u00dfe Auswahl an <a href=\"https:\/\/www.raab-verlag.de\/weihnachtskarten.html\">Weihnachtskarten<\/a>, Gl\u00fcckwunschkarten<em><\/em>, Geschenken und Kalendern<em><\/em>. Das ist uns wichtig:<\/p>\n<ul>\n<li><strong>Umweltschutz &amp; Nachhaltigkeit:<\/strong> Die Umwelt liegt uns sehr am Herzen. Aus diesem Grund drucken wir all unsere Karten klimaneutral und nach FSC-Standards.<\/li>\n<li><strong>individualisierbare Produkte: <\/strong>Beim RAAB Verlag k\u00f6nnen Sie jede Gl\u00fcckwunschkarte individuell mit Ihrem Foto und\/oder Text gestalten und drucken lassen. <em><\/em>Und auch bei den Pr\u00e4senten ist eine pers\u00f6nliche Note kein Problem: Wir gravieren die Geschenke gerne mit Ihrem Logo oder Wunschtext.<em><\/em><\/li>\n<li><strong>Qualit\u00e4t &amp; pers\u00f6nliche Beratung:<\/strong> Bei uns finden Sie seit \u00fcber 25 Jahren hochwertige Papeterie in Spitzenqualit\u00e4t. Gerne beraten wir Sie pers\u00f6nlich zu unseren Produkten und setzen Ihre individuellen W\u00fcnsche um.<\/li>\n<li><strong>umfassender Service:<\/strong> Neben kompetenter Beratung bieten wir auch die M\u00f6glichkeit zur <a href=\"\/service\/musterbestellungen-fuer-karten.html\">Musterbestellung<\/a> und <a href=\"\/service\/kataloganforderung.html\">Katalogbestellung<\/a> direkt nach Hause oder ins B\u00fcro. Sie haben einen besonderen Gestaltungswunsch? Dank einer eigenen Satzabteilung k\u00f6nnen wir individuell auf Ihre W\u00fcnsche eingehen.<\/li>\n<\/ul>\n<h2>Weihnachtsgr\u00fc\u00dfe zum Freuen \u2013 Unsere Produkte<\/h2>\n<p>Egal ob Sie nach Weihnachtskarten f\u00fcr Ihre Mitarbeiter oder nach kleinen Weihnachtsgeschenken f\u00fcr Ihre Liebsten suchen \u2013 beim RAAB Verlag ist f\u00fcr jeden etwas dabei.<\/p>\n<p>In unserem Online Shop k\u00f6nnen Sie <strong>sowohl als Privat- als auch als Gesch\u00e4ftskunde<\/strong> einkaufen. Stellen Sie daf\u00fcr einfach den Regler ganz oben auf der Website auf die gew\u00fcnschte Einstellung:<\/p>\n<div id=\"attachment_3611\" style=\"width: 300px\" class=\"wp-caption aligncenter\"><img loading=\"lazy\" decoding=\"async\" aria-describedby=\"caption-attachment-3611\" class=\"wp-image-3611 size-full\" src=\"https:\/\/www.raab-verlag.de\/magazin\/wp-content\/uploads\/2019\/11\/Website-Regler.png\" alt=\"Website-Regler f\u00fcr Privat- und Gesch\u00e4ftskunden\" width=\"290\" height=\"46\" \/><p id=\"caption-attachment-3611\" class=\"wp-caption-text\">Website-Regler f\u00fcr Privat- und Gesch\u00e4ftskunden<\/p><\/div>\n<p><img loading=\"lazy\" decoding=\"async\" class=\"aligncenter size-large wp-image-3609\" src=\"https:\/\/www.raab-verlag.de\/magazin\/wp-content\/uploads\/2019\/11\/drei-karten-3-1024x683.jpg\" alt=\"Weihnachtskarten Raab-Verlag\" width=\"1024\" height=\"683\" srcset=\"https:\/\/www.raab-verlag.de\/magazin\/wp-content\/uploads\/2019\/11\/drei-karten-3-1024x683.jpg 1024w, https:\/\/www.raab-verlag.de\/magazin\/wp-content\/uploads\/2019\/11\/drei-karten-3-300x200.jpg 300w, https:\/\/www.raab-verlag.de\/magazin\/wp-content\/uploads\/2019\/11\/drei-karten-3-768x512.jpg 768w, https:\/\/www.raab-verlag.de\/magazin\/wp-content\/uploads\/2019\/11\/drei-karten-3-1200x800.jpg 1200w, https:\/\/www.raab-verlag.de\/magazin\/wp-content\/uploads\/2019\/11\/drei-karten-3-285x190.jpg 285w, https:\/\/www.raab-verlag.de\/magazin\/wp-content\/uploads\/2019\/11\/drei-karten-3.jpg 1920w\" sizes=\"auto, (max-width: 1024px) 100vw, 1024px\" \/><\/p>\n<h3>Sch\u00f6ne &amp; individuelle Weihnachtskarten vom RAAB Verlag<\/h3>\n<p>Entdecken Sie unsere unterschiedlichen Designs und Themenwelten. Sie k\u00f6nnen bei uns jede Karte mit eigenen Fotos, Ihrem individuellen Text oder mit Ihrem Firmenlogo in unserem Karten-Konfigurator selbst gestalten und bestellen.<\/p>\n<h4>Weihnachtskarten f\u00fcr Kunden &amp; Gesch\u00e4ftspartner<\/h4>\n<p>F\u00fcr gesch\u00e4ftliche Weihnachtsgr\u00fc\u00dfe haben wir stilvolle wie auch lustige Weihnachtskarten im Angebot.<\/p>\n<p><em>\t\t\t\n\t\t\t\t<div class=\"angebote\">\n\t\t\t\t\t<div class=\"innerwrap\">\t\t\t\t\t\t\t\t\n\t\t\t\t\t\t\t\t\t\n\t\t\t\t<div class=\"post-angebot\">\n\t\t\t\t\t<div class=\"angebot-innerwrap\">\n\t\t\t\t\t\t<hgroup class=\"title-box\">\n\t\t\t\t\t\t\t<span class=\"title\">Frieden auf Erden<\/span>\n\t\t\t\t\t\t\t<span class=\"subline\"><\/span>\n\t\t\t\t\t\t\t<a href=\"\/frieden-auf-erden-ws18160\"><img decoding=\"async\" class=\"post-image aligncenter\" src=\"https:\/\/www.raab-verlag.de\/magazin\/wp-content\/uploads\/2020\/09\/wn_st_f_cco_230322_51_fr_a_18-190x190.jpg\" alt=\"\" \/><\/a>\n\t\t\t\t\t\t\t<a class=\"angebot-link\" href=\"\/frieden-auf-erden-ws18160\">Zur Karte ><\/a>\n\t\t\t\t\t\t<\/hgroup>\n\t\t\t\t\t\t<div class=\"clear\"><\/div>\n\t\t\t\t\t<\/div>\n\t\t\t\t<\/div>\t\n\t\t\t\t\t\t\n\t\t\t\t<div class=\"post-angebot alt\">\n\t\t\t\t\t<div class=\"angebot-innerwrap\">\n\t\t\t\t\t\t<hgroup class=\"title-box\">\n\t\t\t\t\t\t\t<span class=\"title\">Festliche Gr\u00fc\u00dfe<\/span>\n\t\t\t\t\t\t\t<span class=\"subline\"><\/span>\n\t\t\t\t\t\t\t<a href=\"\/festliche-gruesse-wl17424\"><img decoding=\"async\" class=\"post-image aligncenter\" src=\"https:\/\/www.raab-verlag.de\/magazin\/wp-content\/uploads\/2020\/11\/wl17424_6-255x190.jpg\" alt=\"\" \/><\/a>\n\t\t\t\t\t\t\t<a class=\"angebot-link\" href=\"\/festliche-gruesse-wl17424\">Zur Karte ><\/a>\n\t\t\t\t\t\t<\/hgroup>\n\t\t\t\t\t\t<div class=\"clear\"><\/div>\n\t\t\t\t\t<\/div>\n\t\t\t\t<\/div>\t\n\t\t\t\t\t\t\n\t\t\t\t<div class=\"post-angebot\">\n\t\t\t\t\t<div class=\"angebot-innerwrap\">\n\t\t\t\t\t\t<hgroup class=\"title-box\">\n\t\t\t\t\t\t\t<span class=\"title\">Eleganz in Gold<\/span>\n\t\t\t\t\t\t\t<span class=\"subline\"><\/span>\n\t\t\t\t\t\t\t<a href=\"\/eleganz-in-gold-w18080\"><img decoding=\"async\" class=\"post-image aligncenter\" src=\"https:\/\/www.raab-verlag.de\/magazin\/wp-content\/uploads\/2020\/09\/wn_st_f_obe_250107_24_fr_a-190x190.jpg\" alt=\"\" \/><\/a>\n\t\t\t\t\t\t\t<a class=\"angebot-link\" href=\"\/eleganz-in-gold-w18080\">Zur Karte ><\/a>\n\t\t\t\t\t\t<\/hgroup>\n\t\t\t\t\t\t<div class=\"clear\"><\/div>\n\t\t\t\t\t<\/div>\n\t\t\t\t<\/div>\t\n\t\t\t\n\t\t\t\t\t\t<div class=\"clear\"><\/div>\n\t\t\t\t\t<\/div>\n\t\t\t\t<\/div>\n\t\t\t<\/em><\/p>\n<p><em>\t\t\t\n\t\t\t\t<div class=\"angebote\">\n\t\t\t\t\t<div class=\"innerwrap\">\t\t\t\t\t\t\t\t\n\t\t\t\t\t\t\t\t\t\n\t\t\t\t<div class=\"post-angebot\">\n\t\t\t\t\t<div class=\"angebot-innerwrap\">\n\t\t\t\t\t\t<hgroup class=\"title-box\">\n\t\t\t\t\t\t\t<span class=\"title\">Vom Team<\/span>\n\t\t\t\t\t\t\t<span class=\"subline\"><\/span>\n\t\t\t\t\t\t\t<a href=\"\/vom-team-w18260\"><img decoding=\"async\" class=\"post-image aligncenter\" src=\"https:\/\/www.raab-verlag.de\/magazin\/wp-content\/uploads\/2020\/09\/wn_st_f_bat_250416_10_fr_a-190x190.jpg\" alt=\"\" \/><\/a>\n\t\t\t\t\t\t\t<a class=\"angebot-link\" href=\"\/vom-team-w18260\">Zur Karte ><\/a>\n\t\t\t\t\t\t<\/hgroup>\n\t\t\t\t\t\t<div class=\"clear\"><\/div>\n\t\t\t\t\t<\/div>\n\t\t\t\t<\/div>\t\n\t\t\t\t\t\t\n\t\t\t\t<div class=\"post-angebot alt\">\n\t\t\t\t\t<div class=\"angebot-innerwrap\">\n\t\t\t\t\t\t<hgroup class=\"title-box\">\n\t\t\t\t\t\t\t<span class=\"title\">Silberw\u00fcnsche<\/span>\n\t\t\t\t\t\t\t<span class=\"subline\"><\/span>\n\t\t\t\t\t\t\t<a href=\"\/silberwuensche-wps18241\"><img decoding=\"async\" class=\"post-image aligncenter\" src=\"https:\/\/www.raab-verlag.de\/magazin\/wp-content\/uploads\/2024\/08\/wn_pk_f_bre_231219_27_fr_a-190x190.jpg\" alt=\"\" \/><\/a>\n\t\t\t\t\t\t\t<a class=\"angebot-link\" href=\"\/silberwuensche-wps18241\">Zur Karte ><\/a>\n\t\t\t\t\t\t<\/hgroup>\n\t\t\t\t\t\t<div class=\"clear\"><\/div>\n\t\t\t\t\t<\/div>\n\t\t\t\t<\/div>\t\n\t\t\t\t\t\t\n\t\t\t\t<div class=\"post-angebot\">\n\t\t\t\t\t<div class=\"angebot-innerwrap\">\n\t\t\t\t\t\t<hgroup class=\"title-box\">\n\t\t\t\t\t\t\t<span class=\"title\">Felice Anno Nuovo<\/span>\n\t\t\t\t\t\t\t<span class=\"subline\"><\/span>\n\t\t\t\t\t\t\t<a href=\"\/festliche-komposition-wps18238\"><img decoding=\"async\" class=\"post-image aligncenter\" src=\"https:\/\/www.raab-verlag.de\/magazin\/wp-content\/uploads\/2020\/09\/wn_pk_f_ecr_240904_12_fr_a-190x190.jpg\" alt=\"\" \/><\/a>\n\t\t\t\t\t\t\t<a class=\"angebot-link\" href=\"\/festliche-komposition-wps18238\">Zur Karte ><\/a>\n\t\t\t\t\t\t<\/hgroup>\n\t\t\t\t\t\t<div class=\"clear\"><\/div>\n\t\t\t\t\t<\/div>\n\t\t\t\t<\/div>\t\n\t\t\t\n\t\t\t\t\t\t<div class=\"clear\"><\/div>\n\t\t\t\t\t<\/div>\n\t\t\t\t<\/div>\n\t\t\t<\/em><\/p>\n<p><a href=\"\/weihnachtskarten\/geschaeftliche-weihnachtskarten.html\">Mehr gesch\u00e4ftliche Weihnachtskarten entdecken &gt;&gt;<\/a><\/p>\n<h3><em><\/em>Unsere Pr\u00e4sente: von kulinarisch bis praktisch<\/h3>\n<p>Ob Kleinigkeit oder gr\u00f6\u00dfere Weihnachtsleckerei \u2013 beim RAAB Verlag finden Sie Geschenke in jeglicher Preisklasse von unter 5 Euro bis 50 Euro.<\/p>\n<p><strong>Unser Tipp:<\/strong> Individualisieren Sie Ihre Pr\u00e4sente mit Ihrem Firmenlogo oder Ihrem Wunschtext und verleihen Sie dem Geschenk so eine pers\u00f6nliche Note.<\/p>\n<p><em>\t\t\t\n\t\t\t\t<div class=\"angebote\">\n\t\t\t\t\t<div class=\"innerwrap\">\t\t\t\t\t\t\t\t\n\t\t\t\t\t\t\t\t\t\n\t\t\t\t<div class=\"post-angebot\">\n\t\t\t\t\t<div class=\"angebot-innerwrap\">\n\t\t\t\t\t\t<hgroup class=\"title-box\">\n\t\t\t\t\t\t\t<span class=\"title\">S\u00fc\u00dfe Kleinigkeit<\/span>\n\t\t\t\t\t\t\t<span class=\"subline\"><\/span>\n\t\t\t\t\t\t\t<a href=\"\/suesse-kleinigkeit\"><img decoding=\"async\" class=\"post-image aligncenter\" src=\"https:\/\/www.raab-verlag.de\/magazin\/wp-content\/uploads\/2019\/11\/suesse-kleinigkeit-371x190.jpg\" alt=\"\" \/><\/a>\n\t\t\t\t\t\t\t<a class=\"angebot-link\" href=\"\/suesse-kleinigkeit\">Zum Pr\u00e4sent ><\/a>\n\t\t\t\t\t\t<\/hgroup>\n\t\t\t\t\t\t<div class=\"clear\"><\/div>\n\t\t\t\t\t<\/div>\n\t\t\t\t<\/div>\t\n\t\t\t\t\t\t\n\t\t\t\t<div class=\"post-angebot alt\">\n\t\t\t\t\t<div class=\"angebot-innerwrap\">\n\t\t\t\t\t\t<hgroup class=\"title-box\">\n\t\t\t\t\t\t\t<span class=\"title\">Tee-Tannenbaum<\/span>\n\t\t\t\t\t\t\t<span class=\"subline\"><\/span>\n\t\t\t\t\t\t\t<a href=\"\/tee-tannenbaum\"><img decoding=\"async\" class=\"post-image aligncenter\" src=\"https:\/\/www.raab-verlag.de\/magazin\/wp-content\/uploads\/2018\/10\/p0295-203x190.png\" alt=\"\" \/><\/a>\n\t\t\t\t\t\t\t<a class=\"angebot-link\" href=\"\/tee-tannenbaum\">Zum Pr\u00e4sent ><\/a>\n\t\t\t\t\t\t<\/hgroup>\n\t\t\t\t\t\t<div class=\"clear\"><\/div>\n\t\t\t\t\t<\/div>\n\t\t\t\t<\/div>\t\n\t\t\t\t\t\t\n\t\t\t\t<div class=\"post-angebot\">\n\t\t\t\t\t<div class=\"angebot-innerwrap\">\n\t\t\t\t\t\t<hgroup class=\"title-box\">\n\t\t\t\t\t\t\t<span class=\"title\">Weihnachtsfreude<\/span>\n\t\t\t\t\t\t\t<span class=\"subline\"><\/span>\n\t\t\t\t\t\t\t<a href=\"\/weihnachtsfreude-p0467\"><img decoding=\"async\" class=\"post-image aligncenter\" src=\"https:\/\/www.raab-verlag.de\/magazin\/wp-content\/uploads\/2019\/09\/Weihnachtsfreude-193x190.jpg\" alt=\"\" \/><\/a>\n\t\t\t\t\t\t\t<a class=\"angebot-link\" href=\"\/weihnachtsfreude-p0467\">Zum Pr\u00e4sent ><\/a>\n\t\t\t\t\t\t<\/hgroup>\n\t\t\t\t\t\t<div class=\"clear\"><\/div>\n\t\t\t\t\t<\/div>\n\t\t\t\t<\/div>\t\n\t\t\t\n\t\t\t\t\t\t<div class=\"clear\"><\/div>\n\t\t\t\t\t<\/div>\n\t\t\t\t<\/div>\n\t\t\t<\/em><\/p>\n<p><em>\t\t\t\n\t\t\t\t<div class=\"angebote\">\n\t\t\t\t\t<div class=\"innerwrap\">\t\t\t\t\t\t\t\t\n\t\t\t\t\t\t\t\t\t\n\t\t\t\t<div class=\"post-angebot\">\n\t\t\t\t\t<div class=\"angebot-innerwrap\">\n\t\t\t\t\t\t<hgroup class=\"title-box\">\n\t\t\t\t\t\t\t<span class=\"title\">Abendstimmung<\/span>\n\t\t\t\t\t\t\t<span class=\"subline\"><\/span>\n\t\t\t\t\t\t\t<a href=\"\/abendstimmung\"><img decoding=\"async\" class=\"post-image aligncenter\" src=\"https:\/\/www.raab-verlag.de\/magazin\/wp-content\/uploads\/2018\/12\/p0144_24-330x190.jpg\" alt=\"\" \/><\/a>\n\t\t\t\t\t\t\t<a class=\"angebot-link\" href=\"\/abendstimmung\">Zum Pr\u00e4sent ><\/a>\n\t\t\t\t\t\t<\/hgroup>\n\t\t\t\t\t\t<div class=\"clear\"><\/div>\n\t\t\t\t\t<\/div>\n\t\t\t\t<\/div>\t\n\t\t\t\t\t\t\n\t\t\t\t<div class=\"post-angebot alt\">\n\t\t\t\t\t<div class=\"angebot-innerwrap\">\n\t\t\t\t\t\t<hgroup class=\"title-box\">\n\t\t\t\t\t\t\t<span class=\"title\">Punsch &#038; Stollen<\/span>\n\t\t\t\t\t\t\t<span class=\"subline\"><\/span>\n\t\t\t\t\t\t\t<a href=\"\/punsch-stollen\"><img decoding=\"async\" class=\"post-image aligncenter\" src=\"https:\/\/www.raab-verlag.de\/magazin\/wp-content\/uploads\/2024\/10\/punsch-und-stollen-238x190.jpg\" alt=\"\" \/><\/a>\n\t\t\t\t\t\t\t<a class=\"angebot-link\" href=\"\/punsch-stollen\">Zum Pr\u00e4sent ><\/a>\n\t\t\t\t\t\t<\/hgroup>\n\t\t\t\t\t\t<div class=\"clear\"><\/div>\n\t\t\t\t\t<\/div>\n\t\t\t\t<\/div>\t\n\t\t\t\t\t\t\n\t\t\t\t<div class=\"post-angebot\">\n\t\t\t\t\t<div class=\"angebot-innerwrap\">\n\t\t\t\t\t\t<hgroup class=\"title-box\">\n\t\t\t\t\t\t\t<span class=\"title\">Adventsdose<\/span>\n\t\t\t\t\t\t\t<span class=\"subline\"><\/span>\n\t\t\t\t\t\t\t<a href=\"\/adventsdose.html\"><img decoding=\"async\" class=\"post-image aligncenter\" src=\"https:\/\/www.raab-verlag.de\/magazin\/wp-content\/uploads\/2019\/11\/Adventsdose-338x190.jpg\" alt=\"\" \/><\/a>\n\t\t\t\t\t\t\t<a class=\"angebot-link\" href=\"\/adventsdose.html\">Zum Pr\u00e4sent ><\/a>\n\t\t\t\t\t\t<\/hgroup>\n\t\t\t\t\t\t<div class=\"clear\"><\/div>\n\t\t\t\t\t<\/div>\n\t\t\t\t<\/div>\t\n\t\t\t\n\t\t\t\t\t\t<div class=\"clear\"><\/div>\n\t\t\t\t\t<\/div>\n\t\t\t\t<\/div>\n\t\t\t<\/em><\/p>\n<p><a href=\"\/geschenkideen\/weihnachtszeit.html\">Mehr Geschenkideen f\u00fcr die Weihnachtszeit entdecken &gt;&gt;<\/a><em><\/em><\/p>\n<h2>Inspiration gesucht?<\/h2>\n<p>Damit Sie nicht lange nach den richtigen Worten f\u00fcr Ihre Weihnachtspost suchen m\u00fcssen, haben wir in unserem <a href=\"https:\/\/www.raab-verlag.de\/magazin\/\">Magazin<\/a> viele <strong>hilfreiche Tipps rund um kreative und individuelle Weihnachtsgr\u00fc\u00dfe<\/strong> f\u00fcr Sie gesammelt.<\/p>\n<p>Diese Artikel k\u00f6nnen Ihnen die Vorweihnachtszeit erleichtern:<\/p>\n<ul>\n<li><a href=\"\/magazin\/geschaeftliche-weihnachtspost\/\">Gesch\u00e4ftliche Weihnachtspost auf einen Blick: Alles zu Motiven, Spr\u00fcchen und der richtigen Zeitplanung<\/a><\/li>\n<li><a href=\"\/magazin\/28-weihnachtssprueche-weihnachtskarte\/\">28 Weihnachtsspr\u00fcche f\u00fcr Ihre Kundenweihnachtskarte<\/a><\/li>\n<li><a href=\"\/magazin\/weihnachtsbrief-privat\/\">\u00dcberraschen Sie Ihre Liebsten mit einem Weihnachtsbrief: Die besten Tipps &amp; Mustertexte<\/a><\/li>\n<\/ul>\n<p>Weitere Ideen f\u00fcr Weihnachtsgeschenke, Spr\u00fcche f\u00fcr gesch\u00e4ftliche Weihnachtspost und vieles mehr finden Sie auch auf unserem <a href=\"https:\/\/www.pinterest.de\/raabverlag\/\">Pinterest-Kanal<\/a>.<\/p>\n<p>Wir w\u00fcnschen Ihnen viel Spa\u00df beim St\u00f6bern, Karten gestalten und Weihnachtsgeschenke aussuchen!<\/p>\n","protected":false},"excerpt":{"rendered":"<p>Ob individuelle Weihnachtskarten, sch\u00f6ne Geschenke oder einfach etwas Inspiration \u2013 beim RAAB Verlag finden Sie alles f\u00fcr Ihre perfekten Weihnachtsgr\u00fc\u00dfe f\u00fcr Familie, Freunde, Kunden oder Gesch\u00e4ftspartner. Viel Spa\u00df beim St\u00f6bern!<\/p>\n","protected":false},"author":2,"featured_media":3610,"comment_status":"closed","ping_status":"closed","sticky":false,"template":"","format":"standard","meta":{"footnotes":""},"categories":[4],"tags":[],"class_list":["post-3608","post","type-post","status-publish","format-standard","has-post-thumbnail","hentry","category-weihnachten"],"_links":{"self":[{"href":"https:\/\/www.raab-verlag.de\/magazin\/wp-json\/wp\/v2\/posts\/3608","targetHints":{"allow":["GET"]}}],"collection":[{"href":"https:\/\/www.raab-verlag.de\/magazin\/wp-json\/wp\/v2\/posts"}],"about":[{"href":"https:\/\/www.raab-verlag.de\/magazin\/wp-json\/wp\/v2\/types\/post"}],"author":[{"embeddable":true,"href":"https:\/\/www.raab-verlag.de\/magazin\/wp-json\/wp\/v2\/users\/2"}],"replies":[{"embeddable":true,"href":"https:\/\/www.raab-verlag.de\/magazin\/wp-json\/wp\/v2\/comments?post=3608"}],"version-history":[{"count":20,"href":"https:\/\/www.raab-verlag.de\/magazin\/wp-json\/wp\/v2\/posts\/3608\/revisions"}],"predecessor-version":[{"id":12491,"href":"https:\/\/www.raab-verlag.de\/magazin\/wp-json\/wp\/v2\/posts\/3608\/revisions\/12491"}],"wp:featuredmedia":[{"embeddable":true,"href":"https:\/\/www.raab-verlag.de\/magazin\/wp-json\/wp\/v2\/media\/3610"}],"wp:attachment":[{"href":"https:\/\/www.raab-verlag.de\/magazin\/wp-json\/wp\/v2\/media?parent=3608"}],"wp:term":[{"taxonomy":"category","embeddable":true,"href":"https:\/\/www.raab-verlag.de\/magazin\/wp-json\/wp\/v2\/categories?post=3608"},{"taxonomy":"post_tag","embeddable":true,"href":"https:\/\/www.raab-verlag.de\/magazin\/wp-json\/wp\/v2\/tags?post=3608"}],"curies":[{"name":"wp","href":"https:\/\/api.w.org\/{rel}","templated":true}]}}